{"id":180,"date":"2025-12-22T06:11:02","date_gmt":"2025-12-22T11:11:02","guid":{"rendered":"https:\/\/locusterribilis.com\/?p=180"},"modified":"2025-12-22T07:00:09","modified_gmt":"2025-12-22T12:00:09","slug":"%c2%a7-0-13-persona-mascara","status":"publish","type":"post","link":"https:\/\/locusterribilis.com\/en\/2025\/12\/22\/%c2%a7-0-13-persona-mascara\/","title":{"rendered":"\u00a7 0.13. Person\/Mask"},"content":{"rendered":"<p class=\"wp-block-paragraph translation-block\">The word \u201cperson\u201d has an interesting history. Traditionally it is said to have come to us through the Latin <em>persona<\/em> which the Romans inherited from the Etruscan <em>phersu<\/em>, which in turn derived from the Greek <em>pr\u00f3sopon<\/em>, mask (<em>pros<\/em>, front, <em>opos<\/em>, face). However, the relationship between the Etruscan and Greek terms has not been proven.<\/p>\n\n\n\n<p class=\"wp-block-paragraph translation-block\">In chapter 148 of <em>Hopscotch<\/em>, Julio Cort\u00e1zar cites a different etymology taken from <em>Attic Nights<\/em> by Roman grammarian Aulus Gellius (2nd century AD), who quotes an obscure author named Gavius Bassus. I quote from the grammarian\u2019s book:<\/p>\n\n\n\n<blockquote class=\"wp-block-quote is-layout-flow wp-block-quote-is-layout-flow\">\n<p class=\"wp-block-paragraph translation-block\">1. Cleverly, by Heaven! and wittily, in my opinion, does Gavius Bassus explain the derivation of the word persona, in the work that he composed On the Origin of Words; for he suggests that that word is formed from personare [making noise.] 2. \u201cFor,\u201d he says, \u201cthe head and the face are shut in on all sides by the covering of the persona, or mask, and only one passage is left for the issue of the voice; and since this opening is neither free nor broad, but sends forth the voice after it has been concentrated and forced into one single means of egress, it makes the sound clearer and more resonant. Since then that covering of the face gives clearness and resonance to the voice, it is for that reason called persona, the o being lengthened because of the formation of the word.\u201d<sup data-fn=\"08668ce9-9864-4ed1-a787-b0ccb59fc179\" class=\"fn\"><a href=\"#08668ce9-9864-4ed1-a787-b0ccb59fc179\" id=\"08668ce9-9864-4ed1-a787-b0ccb59fc179-link\" target=\"_self\">1<\/a><\/sup><\/p>\n<\/blockquote>\n\n\n\n<p class=\"wp-block-paragraph translation-block\">More than \u201cmaking noise,\u201d the verb <em>personare<\/em> would be equivalent to sounding \u201cthrough (<em>per-<\/em>).\u201d Despite the dubious legitimacy of this etymology, the idea of \u200b\u200bpersona as a mask that concentrates and conducts the sound of the voice is quite suggestive. Since the mask is a theatrical prop and theater an expression of the <em>polis<\/em>, that is to say of <em>bios<\/em> exercised in community, the mask, understood as <em>person<\/em>, would become a lining that covers the face of <em>zoe\u0304<\/em> and allows its voice, the voice of bare life, to resound on the stage of the community. The aural representation of the mask of <em>bios<\/em> is our name, first property of the church and then of the state, which serves as the handle by which the juridical persona can be manipulated and accounted for in civil society. Thus, says Thomas Carlyle, \u201cThe name is the earliest garment you wrap round the Earth-visting ME; to which it thenceforth cleaves, more tenaciously (for there are names that have lasted nigh thirty centuries) than the very skin.\u201d<sup data-fn=\"5ea04c86-24e4-4f11-998d-a5d82b941b43\" class=\"fn\"><a href=\"#5ea04c86-24e4-4f11-998d-a5d82b941b43\" id=\"5ea04c86-24e4-4f11-998d-a5d82b941b43-link\" target=\"_self\">2<\/a><\/sup><\/p>\n\n\n\n<p class=\"wp-block-paragraph translation-block\">Our hypothesis seems confirmed to some extent by the use given to the word  <em>person<\/em> in jurisprudence, as if it were a legal mask (<em>bios<\/em>) superimposed on a real life form (<em>zoe\u0304<\/em>). From the point of view of the law, a person either natural (an individual) or legal (an entity or corporation) is nothing other than a subject of law. Seen this way, the world ordered by law is a <em>juridical theatre<\/em> that transforms <em>zoe\u0304<\/em> into <em>bios<\/em>, always at the expense of the first. This juridical theatre is the basis of our modern theatre of desolation.<\/p>\n\n\n\n<hr class=\"wp-block-separator has-alpha-channel-opacity\" \/>\n\n\n<ol class=\"wp-block-footnotes has-small-font-size\"><li id=\"08668ce9-9864-4ed1-a787-b0ccb59fc179\" class=\"translation-block\">Aulo Gellius, <em>Attic Nights<\/em>, Book V, chap VII. <a href=\"#08668ce9-9864-4ed1-a787-b0ccb59fc179-link\" aria-label=\"Jump to footnote reference 1\" target=\"_self\">\u21a9\ufe0e<\/a><\/li><li id=\"5ea04c86-24e4-4f11-998d-a5d82b941b43\" class=\"translation-block\">Thomas Carlyle, <em>Sartor Resartus<\/em>, 67. <a href=\"#5ea04c86-24e4-4f11-998d-a5d82b941b43-link\" aria-label=\"Jump to footnote reference 2\" target=\"_self\">\u21a9\ufe0e<\/a><\/li><\/ol>","protected":false},"excerpt":{"rendered":"<p>La palabra \u201cpersona\u201d tiene una interesante historia. Tradicionalmente se dice que llega a nosotros a trav\u00e9s del lat\u00edn persona que los romanos heredaron del etrusco phersu, que a su vez vino del griego pr\u00f3sopon, m\u00e1scara (pros, delante, opos, cara). Sin embargo, la relaci\u00f3n entre el t\u00e9rmino etrusco y el griego no ha podido comprobarse. En [&hellip;]<\/p>\n","protected":false},"author":274836558,"featured_media":0,"comment_status":"open","ping_status":"open","sticky":false,"template":"","format":"standard","meta":{"_crdt_document":"","advanced_seo_description":"","jetpack_seo_html_title":"","jetpack_seo_noindex":false,"_jetpack_newsletter_access":"","_jetpack_dont_email_post_to_subs":false,"_jetpack_newsletter_tier_id":0,"_jetpack_memberships_contains_paywalled_content":false,"_jetpack_memberships_contains_paid_content":false,"footnotes":"[{\"id\":\"08668ce9-9864-4ed1-a787-b0ccb59fc179\",\"content\":\"Aulo Gelio, <em>Noches \\u00e1ticas<\\\/em>, libro V, cap VII.\"},{\"id\":\"5ea04c86-24e4-4f11-998d-a5d82b941b43\",\"content\":\"Thomas Carlyle, <em>Sartor Resartus. <\\\/em>Traducci\\u00f3n propia.\"}]","jetpack_publicize_message":"","jetpack_publicize_feature_enabled":true,"jetpack_social_post_already_shared":true,"jetpack_social_options":{"image_generator_settings":{"template":"highway","default_image_id":0,"font":"","enabled":false},"version":2},"jetpack_post_was_ever_published":false},"categories":[432627],"tags":[786108971,52839,351271,786108972,786108970,274567,52218937,786108973,21499,1981906,35115,786108959],"class_list":["post-180","post","type-post","status-publish","format-standard","hentry","category-preambulo","tag-attic-nights","tag-bios","tag-cortazar","tag-hopscotch","tag-mask","tag-mascara","tag-noches-aticas","tag-person","tag-persona","tag-rayuela","tag-zoe","tag-zoe-2"],"jetpack_publicize_connections":[],"jetpack_featured_media_url":"","jetpack_likes_enabled":true,"jetpack_sharing_enabled":true,"jetpack_shortlink":"https:\/\/wp.me\/pgYHfz-2U","jetpack-related-posts":[],"_links":{"self":[{"href":"https:\/\/locusterribilis.com\/en\/wp-json\/wp\/v2\/posts\/180","targetHints":{"allow":["GET"]}}],"collection":[{"href":"https:\/\/locusterribilis.com\/en\/wp-json\/wp\/v2\/posts"}],"about":[{"href":"https:\/\/locusterribilis.com\/en\/wp-json\/wp\/v2\/types\/post"}],"author":[{"embeddable":true,"href":"https:\/\/locusterribilis.com\/en\/wp-json\/wp\/v2\/users\/274836558"}],"replies":[{"embeddable":true,"href":"https:\/\/locusterribilis.com\/en\/wp-json\/wp\/v2\/comments?post=180"}],"version-history":[{"count":3,"href":"https:\/\/locusterribilis.com\/en\/wp-json\/wp\/v2\/posts\/180\/revisions"}],"predecessor-version":[{"id":183,"href":"https:\/\/locusterribilis.com\/en\/wp-json\/wp\/v2\/posts\/180\/revisions\/183"}],"wp:attachment":[{"href":"https:\/\/locusterribilis.com\/en\/wp-json\/wp\/v2\/media?parent=180"}],"wp:term":[{"taxonomy":"category","embeddable":true,"href":"https:\/\/locusterribilis.com\/en\/wp-json\/wp\/v2\/categories?post=180"},{"taxonomy":"post_tag","embeddable":true,"href":"https:\/\/locusterribilis.com\/en\/wp-json\/wp\/v2\/tags?post=180"}],"curies":[{"name":"wp","href":"https:\/\/api.w.org\/{rel}","templated":true}]}}