{"id":28,"date":"2025-12-11T14:23:00","date_gmt":"2025-12-11T19:23:00","guid":{"rendered":"https:\/\/locusterribilis.com\/?p=28"},"modified":"2025-12-22T06:49:38","modified_gmt":"2025-12-22T11:49:38","slug":"0-2-locus-amoenus","status":"publish","type":"post","link":"https:\/\/locusterribilis.com\/en\/2025\/12\/11\/0-2-locus-amoenus\/","title":{"rendered":"\u00a7 0.2. Locus Amoenus"},"content":{"rendered":"\n<p class=\"wp-block-paragraph\">La importancia de este locus en la literatura occidental es inestimable y encuentra su m\u00e1xima expresi\u00f3n en la poes\u00eda pastoral griega y latina. En efecto, Hes\u00edodo se identifica con un pastor que apacenta sus corderos al p\u00ede del monte Helic\u00f3n cuando las musas vienen a \u00e9l con las palabras que se convertir\u00e1n en su <em>Teogon\u00eda<\/em>. En las <em>Buc\u00f3licas<\/em>, Virgilio habla de Cromis y Mnasilo, dos faunos (tambi\u00e9n pastores) que encuentran a Sileno, el padre de Baco, borracho y dormido con un c\u00e1ntaro vac\u00edo colgando de una mano. En venganza por todas las veces que el viejo les ha enga\u00f1ado prometi\u00e9ndoles versos, los j\u00f3venes faunos lo atan con sus propias guirnaldas.<\/p>\n\n\n\n<blockquote class=\"wp-block-quote is-layout-flow wp-block-quote-is-layout-flow\">\n<p class=\"wp-block-paragraph\">Agr\u00e9ganse a los t\u00edmidos mozos como compa\u00f1era y les viene en ayuda Egle, la m\u00e1s hermosa de las N\u00e1yades, y, apenas abre los ojos, le pinta la frente y las sienes con rojas moras. \u00c9l, ri\u00e9ndose de la burla, \u00ab\u00bfpor qu\u00e9 me hab\u00e9is atado?\u00bb, les dice. \u00abDesatadme, muchachos; basta que se vea que has podido atarme. O\u00edd los versos que dese\u00e1is que os cante: para vosotros, los versos; para \u00e9sta [Egle] reservo otra merced\u00bb. Y al mismo tiempo empieza a cantar. Vieras entonces danzar a comp\u00e1s los Faunos y las fieras y mecer sus copas las \u00e1speras encinas. No se alborozan tanto las rocas del Parnaso con los cantos de Febo, ni el R\u00f3dope ni el \u00cdsmaro se maravillan tanto con los de Orfeo.<sup data-fn=\"8242f588-8044-4b35-a84e-4bd8c68336f1\" class=\"fn\"><a href=\"#8242f588-8044-4b35-a84e-4bd8c68336f1\" id=\"8242f588-8044-4b35-a84e-4bd8c68336f1-link\">1<\/a><\/sup><\/p>\n<\/blockquote>\n\n\n\n<p class=\"wp-block-paragraph\">Aparte de la velada amenaza sexual a la N\u00e1yade, que ya trataremos en su momento, el ambiente de esta buc\u00f3lica es de un gozo y una suavidad incomparables, el mundo entero se regocija y juega como un ni\u00f1o mientras el anciano Sileno canta una breve cosmogon\u00eda.<\/p>\n\n\n\n<p class=\"wp-block-paragraph\">El <em>locus amoenus<\/em> es, desde luego, inseparable de la utop\u00eda. En otra de sus <em>Buc\u00f3licas<\/em> Virgilio nos ofrece otra versi\u00f3n de este topos, que relaciona con el regreso a la edad de oro y la llegada de un mes\u00edas que los cristianos, argumentando que el poeta hab\u00eda sido inspirado por el dios verdadero, cre\u00edan que se refer\u00eda a Jes\u00fas y que, muy probablemente, hac\u00eda referencia al hijo de Cayo Claudio Marcelo y Octavia, hermana de Augusto, que morir\u00eda a los diecinueve a\u00f1os sin cumplir ninguna profec\u00eda:<\/p>\n\n\n\n<blockquote class=\"wp-block-quote is-layout-flow wp-block-quote-is-layout-flow\">\n<p class=\"wp-block-paragraph\">Para ti, oh ni\u00f1o, producir\u00e1 en primicias la tierra inculta hiedras trepadoras, nardos y colocasias, mezcladas con el risue\u00f1o acanto. Por s\u00ed solas volver\u00e1n las cabras al redil, llenas las ubres de leche, y no temer\u00e1n los ganados a los corpulentos leones. De tu cuna brotar\u00e1n hermosas flores; desaparecer\u00e1n las serpientes y las falaces hierbas venenosas: por doquier nacer\u00e1 el anomo asirio.<sup data-fn=\"0647bf43-d651-45db-8aa1-c830256c41b9\" class=\"fn\"><a href=\"#0647bf43-d651-45db-8aa1-c830256c41b9\" id=\"0647bf43-d651-45db-8aa1-c830256c41b9-link\">2<\/a><\/sup><\/p>\n<\/blockquote>\n\n\n\n<p class=\"wp-block-paragraph\">Ya sea la Arcadia de Pan y su corte de Dr\u00edadas, los para\u00edsos pastoriles y selv\u00e1ticos de Virgilio y Ovidio, el jard\u00edn de las delicias del <em>Roman de la Rose <\/em>y, m\u00e1s recientemente, Lothl\u00f3rien en <em>El se\u00f1or de los anillos<\/em> o los jardines eternos de <em>Metr\u00f3polis<\/em>, este topos hace referencia a un lugar que no ha sido corrompido por los abusos y perversiones de la civilizaci\u00f3n, donde la vida se vive en afinidad con la naturaleza. Por ello, este <em>locus<\/em> se desarroll\u00f3 en firme asociaci\u00f3n con la idea del Para\u00edso cristiano y la imagen b\u00edblica del Jard\u00edn del Ed\u00e9n.<\/p>\n\n\n\n<p class=\"wp-block-paragraph\"><\/p>\n\n\n\n<hr class=\"wp-block-separator has-alpha-channel-opacity\" \/>\n\n\n\n<p class=\"wp-block-paragraph\"><\/p>\n\n\n<ol class=\"wp-block-footnotes has-small-font-size\"><li id=\"8242f588-8044-4b35-a84e-4bd8c68336f1\">Virgilio, <em>Buc\u00f3licas.<\/em> VI. <a href=\"#8242f588-8044-4b35-a84e-4bd8c68336f1-link\" aria-label=\"Jump to footnote reference 1\">\u21a9\ufe0e<\/a><\/li><li id=\"0647bf43-d651-45db-8aa1-c830256c41b9\">Ib\u00edd., IV. La promesa mesi\u00e1nica que los cristianos encontraban en este fragmento de Virgilio probablemente venga de su similitud con Isa\u00edas 11:1-6, que habla de la llegada de un ni\u00f1o que defender\u00e1 a los d\u00e9biles y pobres y har\u00e1 justicia a los enemigos del pa\u00eds. Durante su reinado: \u00ab\u2026 el lobo y el cordero vivir\u00e1n en paz, el tigre y el cabrito descansar\u00e1n juntos, el becerro y el le\u00f3n crecer\u00e1n uno al lado del otro, y se dejar\u00e1n guiar por un ni\u00f1o peque\u00f1o\u00bb <a href=\"#0647bf43-d651-45db-8aa1-c830256c41b9-link\" aria-label=\"Jump to footnote reference 2\">\u21a9\ufe0e<\/a><\/li><\/ol>","protected":false},"excerpt":{"rendered":"<p>La importancia de este locus en la literatura occidental es inestimable y encuentra su m\u00e1xima expresi\u00f3n en la poes\u00eda pastoral griega y latina. En efecto, Hes\u00edodo se identifica con un pastor que apacenta sus corderos al p\u00ede del monte Helic\u00f3n cuando las musas vienen a \u00e9l con las palabras que se convertir\u00e1n en su Teogon\u00eda. [&hellip;]<\/p>\n","protected":false},"author":274836558,"featured_media":0,"comment_status":"open","ping_status":"open","sticky":false,"template":"","format":"standard","meta":{"_crdt_document":"","advanced_seo_description":"","jetpack_seo_html_title":"","jetpack_seo_noindex":false,"_jetpack_newsletter_access":"","_jetpack_dont_email_post_to_subs":false,"_jetpack_newsletter_tier_id":0,"_jetpack_memberships_contains_paywalled_content":false,"_jetpack_memberships_contains_paid_content":false,"footnotes":"[{\"id\":\"8242f588-8044-4b35-a84e-4bd8c68336f1\",\"content\":\"Virgilio, <em>Buc\\u00f3licas.<\\\/em> VI.\"},{\"id\":\"0647bf43-d651-45db-8aa1-c830256c41b9\",\"content\":\"Ib\\u00edd., IV. La promesa mesi\\u00e1nica que los cristianos encontraban en este fragmento de Virgilio probablemente venga de su similitud con Isa\\u00edas 11:1-6, que habla de la llegada de un ni\\u00f1o que defender\\u00e1 a los d\\u00e9biles y pobres y har\\u00e1 justicia a los enemigos del pa\\u00eds. Durante su reinado: \\u00ab\\u2026 el lobo y el cordero vivir\\u00e1n en paz, el tigre y el cabrito descansar\\u00e1n juntos, el becerro y el le\\u00f3n crecer\\u00e1n uno al lado del otro, y se dejar\\u00e1n guiar por un ni\\u00f1o peque\\u00f1o\\u00bb\"}]","jetpack_publicize_message":"","jetpack_publicize_feature_enabled":true,"jetpack_social_post_already_shared":false,"jetpack_social_options":{"image_generator_settings":{"template":"highway","default_image_id":0,"font":"","enabled":false},"version":2},"jetpack_post_was_ever_published":true},"categories":[432627],"tags":[2307635,786108936,3402972,4682733,2152774,238602,786108937,786108938,291509],"class_list":["post-28","post","type-post","status-publish","format-standard","hentry","category-preambulo","tag-bucolicas","tag-eclogues","tag-jardin-del-eden","tag-locus-amoenus","tag-lothlorien","tag-metropolis","tag-theogony","tag-virgil","tag-virgilio"],"jetpack_publicize_connections":[],"jetpack_featured_media_url":"","jetpack_likes_enabled":true,"jetpack_sharing_enabled":true,"jetpack_shortlink":"https:\/\/wp.me\/pgYHfz-s","jetpack-related-posts":[],"_links":{"self":[{"href":"https:\/\/locusterribilis.com\/en\/wp-json\/wp\/v2\/posts\/28","targetHints":{"allow":["GET"]}}],"collection":[{"href":"https:\/\/locusterribilis.com\/en\/wp-json\/wp\/v2\/posts"}],"about":[{"href":"https:\/\/locusterribilis.com\/en\/wp-json\/wp\/v2\/types\/post"}],"author":[{"embeddable":true,"href":"https:\/\/locusterribilis.com\/en\/wp-json\/wp\/v2\/users\/274836558"}],"replies":[{"embeddable":true,"href":"https:\/\/locusterribilis.com\/en\/wp-json\/wp\/v2\/comments?post=28"}],"version-history":[{"count":17,"href":"https:\/\/locusterribilis.com\/en\/wp-json\/wp\/v2\/posts\/28\/revisions"}],"predecessor-version":[{"id":115,"href":"https:\/\/locusterribilis.com\/en\/wp-json\/wp\/v2\/posts\/28\/revisions\/115"}],"wp:attachment":[{"href":"https:\/\/locusterribilis.com\/en\/wp-json\/wp\/v2\/media?parent=28"}],"wp:term":[{"taxonomy":"category","embeddable":true,"href":"https:\/\/locusterribilis.com\/en\/wp-json\/wp\/v2\/categories?post=28"},{"taxonomy":"post_tag","embeddable":true,"href":"https:\/\/locusterribilis.com\/en\/wp-json\/wp\/v2\/tags?post=28"}],"curies":[{"name":"wp","href":"https:\/\/api.w.org\/{rel}","templated":true}]}}