{"id":73,"date":"2025-12-11T16:05:43","date_gmt":"2025-12-11T21:05:43","guid":{"rendered":"https:\/\/locusterribilis.com\/?p=73"},"modified":"2025-12-22T06:50:15","modified_gmt":"2025-12-22T11:50:15","slug":"0-3-paraiso-paradeisos","status":"publish","type":"post","link":"https:\/\/locusterribilis.com\/en\/2025\/12\/11\/0-3-paraiso-paradeisos\/","title":{"rendered":"\u00a7 0.3. Paradise\/Paradeisos"},"content":{"rendered":"\n<p class=\"wp-block-paragraph\">La palabra para\u00edso, del iranio antiguo <em>paridaya<\/em> (a su vez del av\u00e9stico <em>pairida\u00eaza<\/em>) significaba \u201cjard\u00edn o parque amurallado\u201d, que al pasar al acadio, una lengua sem\u00edtica, se convirti\u00f3 en <em>pardesu. <\/em>La idea de un jard\u00edn cerrado aparece nuevamente en el hebreo <em>pardes<\/em>, que figura tres veces en el Tanaj, la Biblia hebrea, con el significado de huerto o jard\u00edn frutal, particularmente en <em>El cantar de los cantares.<\/em> En la Septuaginta \u2014traducci\u00f3n del Tanaj al griego koin\u00e9\u2014, <em>pardes <\/em>aparece como <em>paradeisos<\/em>,que se us\u00f3 para dar a entender no solo la idea de un huerto sino tambi\u00e9n la palabra <em>gan<\/em> \u201cjard\u00edn\u201d. Es de esta circunstancia de donde deriva el uso de la palabra Para\u00edso para referirse al Jard\u00edn del Ed\u00e9n (<em>Gan Eden<\/em>). En virtud de este campo sem\u00e1ntico el Para\u00edso b\u00edblico es un parque o jard\u00edn cerrado vigilado por un querub\u00edn, un enorme toro alado que blande una espada llameante. Por fuera del \u00e1mbito hebreo, el griego <em>paradeisos<\/em> tambi\u00e9n vino a referir un parque para animales y, en la <em>An\u00e1basis<\/em> de Jenofonte, los jardines reales que Jerjes dej\u00f3 en la ciudad de Celenas en su retirada de Grecia:<\/p>\n\n\n\n<blockquote class=\"wp-block-quote is-layout-flow wp-block-quote-is-layout-flow\">\n<p class=\"wp-block-paragraph\">En ella ten\u00eda Ciro un palacio con un gran parque [<em>paradeisos<\/em>] lleno de bestias montaraces que sol\u00eda cazar a caballo cuando quer\u00eda hacer ejercicio con sus caballos. A trav\u00e9s del bosque corre el r\u00edo Meandro, cuyas fuentes est\u00e1n en el palacio; tambi\u00e9n corre a trav\u00e9s de la ciudad de Celenas.<sup data-fn=\"5d34fbb9-3426-462a-a68e-97c38d6aae2f\" class=\"fn\"><a href=\"#5d34fbb9-3426-462a-a68e-97c38d6aae2f\" id=\"5d34fbb9-3426-462a-a68e-97c38d6aae2f-link\">1<\/a><\/sup><\/p>\n<\/blockquote>\n\n\n\n<p class=\"wp-block-paragraph\">Cazar bestias en un parque o un campo cerrado (en un \u201cpara\u00edso\u201d, por decirlo de alg\u00fan modo), es un tema con el que nos encontraremos en repetidas ocasiones en este estudio.<sup data-fn=\"52a0d4b0-5f8e-4461-a4be-51044c1a89cb\" class=\"fn\"><a href=\"#52a0d4b0-5f8e-4461-a4be-51044c1a89cb\" id=\"52a0d4b0-5f8e-4461-a4be-51044c1a89cb-link\">2<\/a><\/sup> De <em>paradeisos <\/em>como traducci\u00f3n del hebreo <em>pardes<\/em> tambi\u00e9n viene que en algunas versiones espa\u00f1olas de la Biblia encontremos que esta palabra se ha transcrito indistintamente como \u201chuerto\u201d o \u201cjard\u00edn\u201d. <em>El Cantar de los cantares<\/em> es un claro ejemplo de la cuesti\u00f3n. En lo concerniente a nuestro tema, este canto nupcial atribuido a Salom\u00f3n nos ofrece una de las m\u00e1s refinadas expresiones del lugar ameno, en la que se asemeja a la amada con un vergel o un manantial:<\/p>\n\n\n\n<blockquote class=\"wp-block-quote is-layout-flow wp-block-quote-is-layout-flow\">\n<p class=\"wp-block-paragraph\">Son tus labios, \u00a1oh esposa m\u00eda!, un panal que destila miel; miel y leche tienes debajo de la lengua; y es el olor de tus vestidos como olor suav\u00edsimo de incienso. Huerto cerrado eres, hermana m\u00eda esposa, huerto cerrado, fuente sellada. Tus renuevos o plantas de ese huerto, forman un vergel delicioso de granados, con frutos dulces como de manzanos: son cipros con nardos [\u2026] T\u00fa, la fuente de los huertos, el pozo de aguas vivas, que bajan con \u00edmpetu del monte L\u00edbano. Ret\u00edrate, \u00a1oh Aquil\u00f3n!, y ven t\u00fa, \u00a1oh viento Austro!, a soplar en todo mi huerto y que se esparzan sus aromas por todo el mundo.<sup data-fn=\"bb44652e-b4d2-4a53-ae76-3c2b865581bf\" class=\"fn\"><a href=\"#bb44652e-b4d2-4a53-ae76-3c2b865581bf\" id=\"bb44652e-b4d2-4a53-ae76-3c2b865581bf-link\">3<\/a><\/sup><\/p>\n<\/blockquote>\n\n\n\n<p class=\"wp-block-paragraph\">La imagen de la amada como \u201chuerto\/jard\u00edn cerrado, fuente sellada\u201d (<em>hortus conclusus<\/em>), adem\u00e1s de ofrecer una met\u00e1fora de virginidad y pureza \u2014y resaltar el car\u00e1cter reservado y discreto, amurallado, del lugar ameno\u2014,<sup data-fn=\"94de3691-aef2-432e-bda5-a2af2292a6d7\" class=\"fn\"><a href=\"#94de3691-aef2-432e-bda5-a2af2292a6d7\" id=\"94de3691-aef2-432e-bda5-a2af2292a6d7-link\">4<\/a><\/sup> nos ofrece un punto de entrada a su ant\u00edpoda emocional, el <em>locus terribilis<\/em>.&nbsp;<\/p>\n\n\n\n<p class=\"wp-block-paragraph\"><\/p>\n\n\n\n<hr class=\"wp-block-separator has-alpha-channel-opacity\" \/>\n\n\n\n<p class=\"wp-block-paragraph\"><\/p>\n\n\n<ol class=\"wp-block-footnotes has-small-font-size\"><li id=\"5d34fbb9-3426-462a-a68e-97c38d6aae2f\">Jenofonte, <em>An\u00e1basis<\/em>. 1.2.7-8. <a href=\"#5d34fbb9-3426-462a-a68e-97c38d6aae2f-link\" aria-label=\"Jump to footnote reference 1\">\u21a9\ufe0e<\/a><\/li><li id=\"52a0d4b0-5f8e-4461-a4be-51044c1a89cb\">El car\u00e1cter cerrado del <em>paradeisos<\/em> persa sobrevive en su etimolog\u00eda: \u201cpara\u201d de la ra\u00edz protoindoeuropea <em>per-<\/em>, que tambi\u00e9n origina el cognado griego <em>peri<\/em>, \u201calrededor\u201d (como en <em>peri<\/em>feria), y \u201cdeisos\u201d de la ra\u00edz <em>dheig<\/em>, \u201cconstruir\u201d, en este caso una pared o empalizada. Un para\u00edso es esencialmente un lugar rodeado por un muro.\u00a0 De un modo similar, la palabra espa\u00f1ola \u201cjard\u00edn\u201d y sus cognados <em>jardin<\/em>, <em>giardino<\/em> y <em>garden<\/em>, expresan la misma idea a trav\u00e9s de la ra\u00edz <em>*guer<\/em>, \u201cagarrar, encerrar\u201d presente en el lat\u00edn vulgar <em>hortus gardinus <\/em>que podr\u00eda traducirse como \u201cjard\u00edn cerrado\u201d o, simplemente \u201cjard\u00edn jard\u00edn\u201d. <a href=\"#52a0d4b0-5f8e-4461-a4be-51044c1a89cb-link\" aria-label=\"Jump to footnote reference 2\">\u21a9\ufe0e<\/a><\/li><li id=\"bb44652e-b4d2-4a53-ae76-3c2b865581bf\"><em>Cantares<\/em>, 4:11-16. <a href=\"#bb44652e-b4d2-4a53-ae76-3c2b865581bf-link\" aria-label=\"Jump to footnote reference 3\">\u21a9\ufe0e<\/a><\/li><li id=\"94de3691-aef2-432e-bda5-a2af2292a6d7\">Cabe mencionar que la met\u00e1fora \u201cmiel y leche tienes debajo de la lengua\u2026\u201d que aplica a la amada en el caso del <em>Cantar de cantares<\/em>, aparece tambi\u00e9n en Exodo 3:8 en referencia a la tierra prometida: \u201cY he descendido para librarlos de mano de los egipcios, y para sacarlos de aquella tierra a una tierra buena y espaciosa, a una tierra que mana leche y miel, al lugar de los cananeos, de los hititas, de los amorreos, de los ferezeos, de los heveos y de los jebuseos.\u201d Leche y miel, ya sea bajo la lengua de la amada o fluyendo por la tierra, es una met\u00e1fora com\u00fan para las variedades psicol\u00f3gica y topol\u00f3gica del lugar ameno. <a href=\"#94de3691-aef2-432e-bda5-a2af2292a6d7-link\" aria-label=\"Jump to footnote reference 4\">\u21a9\ufe0e<\/a><\/li><\/ol>","protected":false},"excerpt":{"rendered":"<p>La palabra para\u00edso, del iranio antiguo paridaya (a su vez del av\u00e9stico pairida\u00eaza) significaba \u201cjard\u00edn o parque amurallado\u201d, que al pasar al acadio, una lengua sem\u00edtica, se convirti\u00f3 en pardesu. La idea de un jard\u00edn cerrado aparece nuevamente en el hebreo pardes, que figura tres veces en el Tanaj, la Biblia hebrea, con el significado [&hellip;]<\/p>\n","protected":false},"author":274836558,"featured_media":0,"comment_status":"open","ping_status":"open","sticky":false,"template":"","format":"standard","meta":{"_crdt_document":"","advanced_seo_description":"","jetpack_seo_html_title":"","jetpack_seo_noindex":false,"_jetpack_newsletter_access":"","_jetpack_dont_email_post_to_subs":false,"_jetpack_newsletter_tier_id":0,"_jetpack_memberships_contains_paywalled_content":false,"_jetpack_memberships_contains_paid_content":false,"footnotes":"[{\"id\":\"5d34fbb9-3426-462a-a68e-97c38d6aae2f\",\"content\":\"Jenofonte, <em>An\\u00e1basis<\\\/em>. 1.2.7-8.\"},{\"id\":\"52a0d4b0-5f8e-4461-a4be-51044c1a89cb\",\"content\":\"El car\\u00e1cter cerrado del <em>paradeisos<\\\/em> persa sobrevive en su etimolog\\u00eda: \\u201cpara\\u201d de la ra\\u00edz protoindoeuropea <em>per-<\\\/em>, que tambi\\u00e9n origina el cognado griego <em>peri<\\\/em>, \\u201calrededor\\u201d (como en <em>peri<\\\/em>feria), y \\u201cdeisos\\u201d de la ra\\u00edz <em>dheig<\\\/em>, \\u201cconstruir\\u201d, en este caso una pared o empalizada. Un para\\u00edso es esencialmente un lugar rodeado por un muro.\\u00a0 De un modo similar, la palabra espa\\u00f1ola \\u201cjard\\u00edn\\u201d y sus cognados <em>jardin<\\\/em>, <em>giardino<\\\/em> y <em>garden<\\\/em>, expresan la misma idea a trav\\u00e9s de la ra\\u00edz <em>*guer<\\\/em>, \\u201cagarrar, encerrar\\u201d presente en el lat\\u00edn vulgar <em>hortus gardinus <\\\/em>que podr\\u00eda traducirse como \\u201cjard\\u00edn cerrado\\u201d o, simplemente \\u201cjard\\u00edn jard\\u00edn\\u201d.\"},{\"id\":\"bb44652e-b4d2-4a53-ae76-3c2b865581bf\",\"content\":\"<em>Cantares<\\\/em>, 4:11-16.\"},{\"id\":\"94de3691-aef2-432e-bda5-a2af2292a6d7\",\"content\":\"Cabe mencionar que la met\\u00e1fora \\u201cmiel y leche tienes debajo de la lengua\\u2026\\u201d que aplica a la amada en el caso del <em>Cantar de cantares<\\\/em>, aparece tambi\\u00e9n en Exodo 3:8 en referencia a la tierra prometida: \\u201cY he descendido para librarlos de mano de los egipcios, y para sacarlos de aquella tierra a una tierra buena y espaciosa, a una tierra que mana leche y miel, al lugar de los cananeos, de los hititas, de los amorreos, de los ferezeos, de los heveos y de los jebuseos.\\u201d Leche y miel, ya sea bajo la lengua de la amada o fluyendo por la tierra, es una met\\u00e1fora com\\u00fan para las variedades psicol\\u00f3gica y topol\\u00f3gica del lugar ameno.\"}]","jetpack_publicize_message":"","jetpack_publicize_feature_enabled":true,"jetpack_social_post_already_shared":false,"jetpack_social_options":{"image_generator_settings":{"template":"highway","default_image_id":0,"font":"","enabled":false},"version":2},"jetpack_post_was_ever_published":false},"categories":[432627],"tags":[786108939,4938532,19889526,3904703,11583610,786108940,1354034],"class_list":["post-73","post","type-post","status-publish","format-standard","hentry","category-preambulo","tag-anabasis-2","tag-anabasis","tag-hortus-conclusus","tag-jenofonte","tag-paradeisos","tag-paradise","tag-paraiso"],"jetpack_publicize_connections":[],"jetpack_featured_media_url":"","jetpack_likes_enabled":true,"jetpack_sharing_enabled":true,"jetpack_shortlink":"https:\/\/wp.me\/pgYHfz-1b","jetpack-related-posts":[],"_links":{"self":[{"href":"https:\/\/locusterribilis.com\/en\/wp-json\/wp\/v2\/posts\/73","targetHints":{"allow":["GET"]}}],"collection":[{"href":"https:\/\/locusterribilis.com\/en\/wp-json\/wp\/v2\/posts"}],"about":[{"href":"https:\/\/locusterribilis.com\/en\/wp-json\/wp\/v2\/types\/post"}],"author":[{"embeddable":true,"href":"https:\/\/locusterribilis.com\/en\/wp-json\/wp\/v2\/users\/274836558"}],"replies":[{"embeddable":true,"href":"https:\/\/locusterribilis.com\/en\/wp-json\/wp\/v2\/comments?post=73"}],"version-history":[{"count":11,"href":"https:\/\/locusterribilis.com\/en\/wp-json\/wp\/v2\/posts\/73\/revisions"}],"predecessor-version":[{"id":114,"href":"https:\/\/locusterribilis.com\/en\/wp-json\/wp\/v2\/posts\/73\/revisions\/114"}],"wp:attachment":[{"href":"https:\/\/locusterribilis.com\/en\/wp-json\/wp\/v2\/media?parent=73"}],"wp:term":[{"taxonomy":"category","embeddable":true,"href":"https:\/\/locusterribilis.com\/en\/wp-json\/wp\/v2\/categories?post=73"},{"taxonomy":"post_tag","embeddable":true,"href":"https:\/\/locusterribilis.com\/en\/wp-json\/wp\/v2\/tags?post=73"}],"curies":[{"name":"wp","href":"https:\/\/api.w.org\/{rel}","templated":true}]}}